{"id":755,"date":"2011-12-18T14:17:27","date_gmt":"2011-12-18T13:17:27","guid":{"rendered":"http:\/\/dobresciagi.pl\/blog\/?p=755"},"modified":"2011-12-18T14:17:27","modified_gmt":"2011-12-18T13:17:27","slug":"cyprian-kamil-norwid-zycie-i-tworczosc","status":"publish","type":"post","link":"http:\/\/dobresciagi.pl\/blog\/?p=755","title":{"rendered":"Cyprian Kamil Norwid &#8211; \u017cycie i tw\u00f3rczo\u015b\u0107."},"content":{"rendered":"<h3><strong><a title=\"Cyprian Kamil Norwid\" href=\"http:\/\/dobresciagi.pl\/autor\/49\/Norwid-Cyprian-Kamil\/\">Cyprian Kamil Norwid<\/a> (1821 &#8211; 1883)<\/strong><\/h3>\n<p>&nbsp;<\/p>\n<p><strong>Czy wiecie, \u017ce\u2026<\/strong><\/p>\n<ul>\n<li>Cyprian Kamil Norwid mia\u0142 imiona: Cyprian Ksawery Gerard Walenty<\/li>\n<li>Urodzi\u0142 si\u0119 w Laskowie-G\u0142uchach<\/li>\n<li>Zmar\u0142 w Pary\u017cu<\/li>\n<li>Norwid mia\u0142 herb \u201eTop\u00f3r\u201d<\/li>\n<li>Wi\u0119kszo\u015b\u0107 swego \u017cycia sp\u0119dzi\u0142 zagranic\u0105<\/li>\n<li>Uznawany jest za ostatniego z 4 najwa\u017cniejszych poet\u00f3w polskiego romantyzmu obok <strong><a title=\"Adam Mickiewicz\" href=\"http:\/\/dobresciagi.pl\/autor\/3\/Mickiewicz-Adam\/\" target=\"_blank\">Adama Mickiewicza<\/a>, <a title=\"Juliusz S\u0142owacki\" href=\"http:\/\/dobresciagi.pl\/autor\/13\/Slowacki-Juliusz\/\" target=\"_blank\">Juliusza S\u0142owackiego<\/a> i <a title=\"Zygmunt Krasi\u0144ski\" href=\"http:\/\/dobresciagi.pl\/autor\/48\/Krasinski-Zygmunt\/\" target=\"_blank\">Zygmunta Krasi\u0144skiego<\/a><\/strong><\/li>\n<li>Przewa\u017cnie \u017cy\u0142 w n\u0119dzy i utrzymywa\u0142 si\u0119 z dorywczych prac<\/li>\n<li>Jego tw\u00f3rczo\u015b\u0107 nie by\u0142 zrozumiana przez wsp\u00f3\u0142czesnych i zapomniana po jego \u015bmierci<\/li>\n<li>Norwid zosta\u0142 ponownie \u201eodkryty\u201d w epoce M\u0142odej Polski przez Zenona Przesmyckiego-Miriama oraz m\u0142odego W\u0142adys\u0142awa Reymonta<\/li>\n<li>W latach 1853 \u2013 1854 Norwid przebywa\u0142 w USA<\/li>\n<li>W trakcie swego \u017cycia Norwid mieszka\u0142 w Londynie, Nowym Jorku, Pary\u017cu<\/li>\n<li>Norwid zmar\u0142 w przytu\u0142ku w Parzy\u017cu<\/li>\n<li>Norwid pochowany zosta\u0142 na cmentarzu Montmorency<\/li>\n<li>W 2001 roku symboliczna ziemia z jego grobu przewieziona zosta\u0142a do Polski i umieszczona w Krypcie Wieszcz\u00f3w Narodowych w Katedrze na Wawelu\n<div id=\"attachment_756\" style=\"width: 330px\" class=\"wp-caption aligncenter\"><a href=\"http:\/\/dobresciagi.pl\/autor\/49\/Norwid-Cyprian-Kamil\/\"><img aria-describedby=\"caption-attachment-756\" decoding=\"async\" loading=\"lazy\" class=\"size-full wp-image-756 \" title=\"Cyprian Kamil Norwid \u015bci\u0105gi DobreSciagi.pl\" src=\"http:\/\/dobresciagi.pl\/blog\/wp-content\/uploads\/2011\/12\/Cyprian-Kamil-Norwid-\u015bci\u0105gi-DobreSciagi.pl-.jpg\" alt=\"Cyprian Kamil Norwid \u015bci\u0105gi DobreSciagi.pl\" width=\"320\" height=\"520\" srcset=\"http:\/\/dobresciagi.pl\/blog\/wp-content\/uploads\/2011\/12\/Cyprian-Kamil-Norwid-\u015bci\u0105gi-DobreSciagi.pl-.jpg 320w, http:\/\/dobresciagi.pl\/blog\/wp-content\/uploads\/2011\/12\/Cyprian-Kamil-Norwid-\u015bci\u0105gi-DobreSciagi.pl--184x300.jpg 184w\" sizes=\"(max-width: 320px) 100vw, 320px\" \/><\/a><p id=\"caption-attachment-756\" class=\"wp-caption-text\">Cyprian Kamil Norwid<\/p><\/div>\n<h3><strong>Literatura:<\/strong><\/h3>\n<\/li>\n<li>\n<h4><strong><a href=\"http:\/\/dobresciagi.pl\/lektura\/187\/Norwid-wiersze\/\" target=\"_blank\">Norwid &#8211; wiersze<\/a><\/strong><\/h4>\n<\/li>\n<li>\n<div id=\"tytul\">\n<h4 id=\"subtytul\"><strong><a href=\"http:\/\/dobresciagi.pl\/lektura\/188\/Promethidion\/\" target=\"_blank\">Cyprian Kamil Norwid: Promethidion<\/a><\/strong><\/h4>\n<\/div>\n<\/li>\n<\/ul>\n<p>&nbsp;<\/p>\n","protected":false},"excerpt":{"rendered":"<p>Cyprian Kamil Norwid (1821 &#8211; 1883) &nbsp; Czy wiecie, \u017ce\u2026 Cyprian Kamil Norwid mia\u0142 imiona: Cyprian Ksawery Gerard Walenty Urodzi\u0142 si\u0119 w Laskowie-G\u0142uchach Zmar\u0142 w Pary\u017cu Norwid mia\u0142 herb \u201eTop\u00f3r\u201d Wi\u0119kszo\u015b\u0107 swego \u017cycia sp\u0119dzi\u0142 zagranic\u0105 Uznawany jest za ostatniego z 4 najwa\u017cniejszych poet\u00f3w polskiego romantyzmu obok Adama Mickiewicza, Juliusza S\u0142owackiego i Zygmunta Krasi\u0144skiego Przewa\u017cnie \u017cy\u0142 [&hellip;]<\/p>\n","protected":false},"author":1,"featured_media":0,"comment_status":"open","ping_status":"closed","sticky":false,"template":"","format":"standard","meta":[],"categories":[43,23,11,42,3],"tags":[46,51,18,16,17,19,45],"_links":{"self":[{"href":"http:\/\/dobresciagi.pl\/blog\/index.php?rest_route=\/wp\/v2\/posts\/755"}],"collection":[{"href":"http:\/\/dobresciagi.pl\/blog\/index.php?rest_route=\/wp\/v2\/posts"}],"about":[{"href":"http:\/\/dobresciagi.pl\/blog\/index.php?rest_route=\/wp\/v2\/types\/post"}],"author":[{"embeddable":true,"href":"http:\/\/dobresciagi.pl\/blog\/index.php?rest_route=\/wp\/v2\/users\/1"}],"replies":[{"embeddable":true,"href":"http:\/\/dobresciagi.pl\/blog\/index.php?rest_route=%2Fwp%2Fv2%2Fcomments&post=755"}],"version-history":[{"count":0,"href":"http:\/\/dobresciagi.pl\/blog\/index.php?rest_route=\/wp\/v2\/posts\/755\/revisions"}],"wp:attachment":[{"href":"http:\/\/dobresciagi.pl\/blog\/index.php?rest_route=%2Fwp%2Fv2%2Fmedia&parent=755"}],"wp:term":[{"taxonomy":"category","embeddable":true,"href":"http:\/\/dobresciagi.pl\/blog\/index.php?rest_route=%2Fwp%2Fv2%2Fcategories&post=755"},{"taxonomy":"post_tag","embeddable":true,"href":"http:\/\/dobresciagi.pl\/blog\/index.php?rest_route=%2Fwp%2Fv2%2Ftags&post=755"}],"curies":[{"name":"wp","href":"https:\/\/api.w.org\/{rel}","templated":true}]}}